{"id":4442,"date":"2025-10-01T11:39:49","date_gmt":"2025-10-01T11:39:49","guid":{"rendered":"https:\/\/saptamana.md\/?p=4442"},"modified":"2025-10-01T11:39:49","modified_gmt":"2025-10-01T11:39:49","slug":"leonid-oleinicenco-inaintea-uefa-u19-futsal-euro-2025","status":"publish","type":"post","link":"https:\/\/saptamana.md\/index.php\/2025\/10\/01\/leonid-oleinicenco-inaintea-uefa-u19-futsal-euro-2025\/","title":{"rendered":"Leonid Oleinicenco, \u00eenaintea UEFA U19 Futsal EURO 2025"},"content":{"rendered":"<div class=\"comments-wrap\">\n<h3 class=\"text-center\"><\/h3>\n<\/div>\n<div class=\"post-text\">\n<p><strong>Ast\u0103zi, 28 septembrie, la Arena Chi\u0219in\u0103u, debuteaz\u0103 Campionatul European de Futsal U19, edi\u021bia 2025. Opt selec\u021bionate na\u021bionale vor lupta pentru titlul de campioan\u0103. \u00cenaintea turneului final UEFA U19 Futsal EURO 2025, un mesaj special a fost transmis de pre\u0219edintele Federa\u021biei Moldovene\u0219ti de Fotbal, Leonid Oleinicenco.<\/strong><\/p>\n<p>&nbsp;<\/p>\n<p><i>\u201eEtapa final\u0103 a Campionatului European de Futsal U19 UEFA din 2025 este unul dintre evenimentele fotbalistice majore din Europa. Suntem \u00eenc\u00e2nta\u021bi s\u0103 g\u0103zduim acest eveniment important la Chi\u0219in\u0103u \u0219i sper\u0103m c\u0103 at\u00e2t juc\u0103torii, c\u00e2t \u0219i fanii fotbalului vor tr\u0103i emo\u021bii speciale aici.<\/i><\/p>\n<p><i>Pentru noi, g\u0103zduirea etapei finale a Campionatului European este o experien\u021b\u0103 cu totul nou\u0103 \u0219i, \u00een acela\u0219i timp, o provocare pe care o urm\u0103rim cu perseveren\u021b\u0103. Republica Moldova este o \u021bar\u0103 fotbalistic\u0103 \u0219i comunitatea oamenilor pasiona\u021bi de fotbal din Moldova cre\u0219te cu fiecare an. Inclusiv familia oamenilor pasiona\u021bi de futsal, care impresioneaz\u0103 prin dinamica sa absolut deosebit\u0103.<\/i><\/p>\n<p><i>Le mul\u021bumim colegilor no\u0219tri din echipa UEFA pentru sus\u021binerea propunerii de a organiza etapa final\u0103 a Campionatului European de Futsal U19 la Chi\u0219in\u0103u. De asemenea, mul\u021bumim autorit\u0103\u021bilor Republicii Moldova pentru contribu\u021bia la organizarea acestui eveniment excep\u021bional.<\/i><\/p>\n<p><i>Le doresc echipelor succes \u0219i inspira\u021bie, iar spectatorilor \u2013 meciuri spectaculoase \u0219i emo\u021bii pl\u0103cute.\u201d<\/i><\/p>\n<p>&nbsp;<\/p>\n<\/div>\n","protected":false},"excerpt":{"rendered":"<p>Ast\u0103zi, 28 septembrie, la Arena Chi\u0219in\u0103u, debuteaz\u0103 Campionatul European de Futsal U19, edi\u021bia 2025. Opt&#8230;<\/p>\n","protected":false},"author":3,"featured_media":3616,"comment_status":"closed","ping_status":"open","sticky":false,"template":"","format":"standard","meta":{"footnotes":""},"categories":[2],"tags":[],"featured_image_urls":{"full":["https:\/\/saptamana.md\/wp-content\/uploads\/2022\/12\/oleinicenco.jpg",1200,818,false],"thumbnail":["https:\/\/saptamana.md\/wp-content\/uploads\/2022\/12\/oleinicenco-150x150.jpg",150,150,true],"medium":["https:\/\/saptamana.md\/wp-content\/uploads\/2022\/12\/oleinicenco-300x205.jpg",300,205,true],"medium_large":["https:\/\/saptamana.md\/wp-content\/uploads\/2022\/12\/oleinicenco-768x524.jpg",640,437,true],"large":["https:\/\/saptamana.md\/wp-content\/uploads\/2022\/12\/oleinicenco-1024x698.jpg",640,436,true],"1536x1536":["https:\/\/saptamana.md\/wp-content\/uploads\/2022\/12\/oleinicenco.jpg",1200,818,false],"2048x2048":["https:\/\/saptamana.md\/wp-content\/uploads\/2022\/12\/oleinicenco.jpg",1200,818,false],"covernews-slider-full":["https:\/\/saptamana.md\/wp-content\/uploads\/2022\/12\/oleinicenco-1115x715.jpg",1115,715,true],"covernews-slider-center":["https:\/\/saptamana.md\/wp-content\/uploads\/2022\/12\/oleinicenco-800x500.jpg",800,500,true],"covernews-featured":["https:\/\/saptamana.md\/wp-content\/uploads\/2022\/12\/oleinicenco-1024x698.jpg",1024,698,true],"covernews-medium":["https:\/\/saptamana.md\/wp-content\/uploads\/2022\/12\/oleinicenco-540x340.jpg",540,340,true],"covernews-medium-square":["https:\/\/saptamana.md\/wp-content\/uploads\/2022\/12\/oleinicenco-400x250.jpg",400,250,true]},"author_info":{"display_name":"Constantin Olteanu","author_link":"https:\/\/saptamana.md\/index.php\/author\/constantin-olteanu\/"},"category_info":"<a href=\"https:\/\/saptamana.md\/index.php\/category\/actualitate-aici-si-acum\/\" rel=\"category tag\">Actualitate. Aici \u015fi acum<\/a>","tag_info":"Actualitate. Aici \u015fi acum","comment_count":"0","_links":{"self":[{"href":"https:\/\/saptamana.md\/index.php\/wp-json\/wp\/v2\/posts\/4442"}],"collection":[{"href":"https:\/\/saptamana.md\/index.php\/wp-json\/wp\/v2\/posts"}],"about":[{"href":"https:\/\/saptamana.md\/index.php\/wp-json\/wp\/v2\/types\/post"}],"author":[{"embeddable":true,"href":"https:\/\/saptamana.md\/index.php\/wp-json\/wp\/v2\/users\/3"}],"replies":[{"embeddable":true,"href":"https:\/\/saptamana.md\/index.php\/wp-json\/wp\/v2\/comments?post=4442"}],"version-history":[{"count":1,"href":"https:\/\/saptamana.md\/index.php\/wp-json\/wp\/v2\/posts\/4442\/revisions"}],"predecessor-version":[{"id":4443,"href":"https:\/\/saptamana.md\/index.php\/wp-json\/wp\/v2\/posts\/4442\/revisions\/4443"}],"wp:featuredmedia":[{"embeddable":true,"href":"https:\/\/saptamana.md\/index.php\/wp-json\/wp\/v2\/media\/3616"}],"wp:attachment":[{"href":"https:\/\/saptamana.md\/index.php\/wp-json\/wp\/v2\/media?parent=4442"}],"wp:term":[{"taxonomy":"category","embeddable":true,"href":"https:\/\/saptamana.md\/index.php\/wp-json\/wp\/v2\/categories?post=4442"},{"taxonomy":"post_tag","embeddable":true,"href":"https:\/\/saptamana.md\/index.php\/wp-json\/wp\/v2\/tags?post=4442"}],"curies":[{"name":"wp","href":"https:\/\/api.w.org\/{rel}","templated":true}]}}