{"id":4458,"date":"2025-10-13T08:50:28","date_gmt":"2025-10-13T08:50:28","guid":{"rendered":"https:\/\/saptamana.md\/?p=4458"},"modified":"2025-10-13T08:51:04","modified_gmt":"2025-10-13T08:51:04","slug":"futsalul-un-instrument-pentru-dezvoltarea-fotbalului-juvenil-din-republica-moldova","status":"publish","type":"post","link":"https:\/\/saptamana.md\/index.php\/2025\/10\/13\/futsalul-un-instrument-pentru-dezvoltarea-fotbalului-juvenil-din-republica-moldova\/","title":{"rendered":"Futsalul, un instrument pentru dezvoltarea fotbalului juvenil din Republica Moldova"},"content":{"rendered":"<div class=\"comments-wrap\">\n<h3 class=\"text-center\"><\/h3>\n<\/div>\n<div class=\"comments-wrap\"><\/div>\n<div class=\"clear\"><\/div>\n<div class=\"post-text\">\n<p><strong>Federa\u021bia Moldoveneasc\u0103 de Fotbal a organizat la Arena FMF Futsal din Ciorescu un seminar special dedicat importan\u021bei futsalului \u00een formarea tinerilor fotbali\u0219ti. Evenimentul, desf\u0103\u0219urat sub genericul \u201eFutsal \u2013 un instrument pentru \u00eembun\u0103t\u0103\u021birea performan\u021bei \u00een fotbalul conven\u021bional\u201d, a avut loc cu ocazia g\u0103zduirii Campionatului European UEFA Under-19 \u00een Republica Moldova.<\/strong><\/p>\n<p>&nbsp;<\/p>\n<p>Seminarul a fost condus de Raoni Medina, fost c\u0103pitan al na\u021bionalei de futsal a Angliei \u0219i participant la Masterul Executiv UEFA pentru Juc\u0103tori Interna\u021bionali. \u00cen cadrul prezent\u0103rii, Medina a vorbit despre modul \u00een care futsalul contribuie la dezvoltarea abilit\u0103\u021bilor tehnice, tactice \u0219i cognitive ale juc\u0103torilor, subliniind exemplele unor fotbali\u0219ti de top mondial precum Lionel Messi, Cristiano Ronaldo, Neymar sau Andr\u00e9s Iniesta, care \u0219i-au \u00eenceput cariera \u00een futsal.<\/p>\n<p>&nbsp;<\/p>\n<p>Totodat\u0103, evenimentul a marcat lansarea unui proiect pilot ce va fi implementat \u00een Republica Moldova, menit s\u0103 integreze futsalul ca element complementar \u00een preg\u0103tirea \u0219i educa\u021bia fotbalistic\u0103 a tinerilor juc\u0103tori.<\/p>\n<p>&nbsp;<\/p>\n<p>La seminar au participat reprezentan\u021bi de seam\u0103 ai UEFA:\u00a0<strong>Lance Kelly<\/strong>\u00a0(Chief of Men\u2019s Football &amp; Deputy Director),\u00a0<strong>Laurent Morel<\/strong>\u00a0(Head of Futsal Competitions UEFA),\u00a0<strong>Graeme Dell<\/strong>\u00a0(Delegat UEFA) \u0219i\u00a0<strong>Oleksandr Kucheriavyi<\/strong>\u00a0(National Associations Strategic Development Manager at UEFA). Federa\u021bia Moldoveneasc\u0103 de Fotbal a fost reprezentat\u0103 de\u00a0<strong>Leonid Oleinicenco<\/strong>, pre\u0219edintele FMF,\u00a0<strong>Serghei Butelschi<\/strong>, secretarul general,\u00a0<strong>D\u0103nu\u021b Oprea<\/strong>, director tehnic,\u00a0<strong>Alexandru Golban<\/strong>, director al selec\u021bionatelor specializate, \u0219i\u00a0<strong>Vladimir Colbasiuc<\/strong>, secretar general al Ligii Profesioniste de Futsal.<\/p>\n<p>&nbsp;<\/p>\n<p>De asemenea, au fost prezen\u021bi\u00a0<strong>Jorge Braz<\/strong>, campion mondial \u00een calitate de selec\u021bioner al na\u021bionalei de futsal al Portugaliei,\u00a0<strong>Teppei Konishi,\u00a0<\/strong>director tehnic JFA, antrenorul selec\u021bionatei U19 a Moldovei\u00a0<strong>Oleg Petrov<\/strong>, juc\u0103torii echipei na\u021bionale de futsal a Moldovei\u00a0<strong>Cristian Obad\u0103<\/strong>,\u00a0<strong>Adrian La\u0219cu<\/strong>\u00a0\u0219i\u00a0<strong>Constantin Burdujel<\/strong>, precum \u0219i antrenorii echipelor na\u021bionale de tineret \u2013\u00a0<strong>Simion Bulgaru<\/strong>\u00a0(U18),\u00a0<strong>Elena Subbotina<\/strong>\u00a0(WU17) \u0219i\u00a0<strong>Alexandra Bocancea<\/strong>\u00a0(WU19),\u00a0<strong>D\u0103nu\u021ba Chicu<\/strong>\u00a0(WU15).<\/p>\n<p>&nbsp;<\/p>\n<p>\u00cen r\u00e2ndul invita\u021bilor s-au aflat \u0219i antrenorii echipelor de copii \u0219i juniori din campionatele na\u021bionale, reprezent\u00e2nd cluburi precum\u00a0<strong>CSCT Buiucani, CS Getica, CSF B\u0103l\u021bi<\/strong>\u00a0\u0219i\u00a0<strong>Academia de Fotbal Zimbru<\/strong>.<\/p>\n<p>&nbsp;<\/p>\n<p>Prin organizarea acestui seminar, FMF \u00ee\u0219i reafirm\u0103 angajamentul de a promova\u00a0<strong>futsalul ca instrument educativ \u0219i de formare pentru fotbalul de performan\u021b\u0103<\/strong>, consolid\u00e2nd leg\u0103tura dintre cele dou\u0103 discipline \u0219i contribuind la dezvoltarea genera\u021biilor viitoare de fotbali\u0219ti din Republica Moldova.<\/p>\n<\/div>\n","protected":false},"excerpt":{"rendered":"<p>Federa\u021bia Moldoveneasc\u0103 de Fotbal a organizat la Arena FMF Futsal din Ciorescu un seminar special&#8230;<\/p>\n","protected":false},"author":3,"featured_media":4459,"comment_status":"closed","ping_status":"open","sticky":false,"template":"","format":"standard","meta":{"footnotes":""},"categories":[2],"tags":[],"featured_image_urls":{"full":["https:\/\/saptamana.md\/wp-content\/uploads\/2025\/10\/futsal.jpg",1200,800,false],"thumbnail":["https:\/\/saptamana.md\/wp-content\/uploads\/2025\/10\/futsal-150x150.jpg",150,150,true],"medium":["https:\/\/saptamana.md\/wp-content\/uploads\/2025\/10\/futsal-300x200.jpg",300,200,true],"medium_large":["https:\/\/saptamana.md\/wp-content\/uploads\/2025\/10\/futsal-768x512.jpg",640,427,true],"large":["https:\/\/saptamana.md\/wp-content\/uploads\/2025\/10\/futsal-1024x683.jpg",640,427,true],"1536x1536":["https:\/\/saptamana.md\/wp-content\/uploads\/2025\/10\/futsal.jpg",1200,800,false],"2048x2048":["https:\/\/saptamana.md\/wp-content\/uploads\/2025\/10\/futsal.jpg",1200,800,false],"covernews-slider-full":["https:\/\/saptamana.md\/wp-content\/uploads\/2025\/10\/futsal-1115x715.jpg",1115,715,true],"covernews-slider-center":["https:\/\/saptamana.md\/wp-content\/uploads\/2025\/10\/futsal-800x500.jpg",800,500,true],"covernews-featured":["https:\/\/saptamana.md\/wp-content\/uploads\/2025\/10\/futsal-1024x683.jpg",1024,683,true],"covernews-medium":["https:\/\/saptamana.md\/wp-content\/uploads\/2025\/10\/futsal-540x340.jpg",540,340,true],"covernews-medium-square":["https:\/\/saptamana.md\/wp-content\/uploads\/2025\/10\/futsal-400x250.jpg",400,250,true]},"author_info":{"display_name":"Constantin Olteanu","author_link":"https:\/\/saptamana.md\/index.php\/author\/constantin-olteanu\/"},"category_info":"<a href=\"https:\/\/saptamana.md\/index.php\/category\/actualitate-aici-si-acum\/\" rel=\"category tag\">Actualitate. Aici \u015fi acum<\/a>","tag_info":"Actualitate. Aici \u015fi acum","comment_count":"0","_links":{"self":[{"href":"https:\/\/saptamana.md\/index.php\/wp-json\/wp\/v2\/posts\/4458"}],"collection":[{"href":"https:\/\/saptamana.md\/index.php\/wp-json\/wp\/v2\/posts"}],"about":[{"href":"https:\/\/saptamana.md\/index.php\/wp-json\/wp\/v2\/types\/post"}],"author":[{"embeddable":true,"href":"https:\/\/saptamana.md\/index.php\/wp-json\/wp\/v2\/users\/3"}],"replies":[{"embeddable":true,"href":"https:\/\/saptamana.md\/index.php\/wp-json\/wp\/v2\/comments?post=4458"}],"version-history":[{"count":1,"href":"https:\/\/saptamana.md\/index.php\/wp-json\/wp\/v2\/posts\/4458\/revisions"}],"predecessor-version":[{"id":4460,"href":"https:\/\/saptamana.md\/index.php\/wp-json\/wp\/v2\/posts\/4458\/revisions\/4460"}],"wp:featuredmedia":[{"embeddable":true,"href":"https:\/\/saptamana.md\/index.php\/wp-json\/wp\/v2\/media\/4459"}],"wp:attachment":[{"href":"https:\/\/saptamana.md\/index.php\/wp-json\/wp\/v2\/media?parent=4458"}],"wp:term":[{"taxonomy":"category","embeddable":true,"href":"https:\/\/saptamana.md\/index.php\/wp-json\/wp\/v2\/categories?post=4458"},{"taxonomy":"post_tag","embeddable":true,"href":"https:\/\/saptamana.md\/index.php\/wp-json\/wp\/v2\/tags?post=4458"}],"curies":[{"name":"wp","href":"https:\/\/api.w.org\/{rel}","templated":true}]}}