{"id":4475,"date":"2025-10-20T10:38:47","date_gmt":"2025-10-20T10:38:47","guid":{"rendered":"https:\/\/saptamana.md\/?p=4475"},"modified":"2025-10-20T10:38:47","modified_gmt":"2025-10-20T10:38:47","slug":"sansa-ta-de-a-deveni-tanar-ambasador-european-aplica-acum","status":"publish","type":"post","link":"https:\/\/saptamana.md\/index.php\/2025\/10\/20\/sansa-ta-de-a-deveni-tanar-ambasador-european-aplica-acum\/","title":{"rendered":"\u0218ansa ta de a deveni T\u00e2n\u0103r Ambasador European \u2013 aplic\u0103 acum!"},"content":{"rendered":"<p>Dac\u0103 ai v\u00e2rsta cuprins\u0103 \u00eentre 16 \u0219i 26 de ani \u0219i e\u0219ti originar din una dintre cele \u0219ase \u021b\u0103ri ale Parteneriatului estic (Armenia, Azerbaidjan, Belarus, Georgia, Republica Moldova sau Ucraina), din Uniunea European\u0103 sau din Regatul Unit, po\u021bi aplica acum pentru a te al\u0103tura ini\u021biativei \u201eTinerii Ambasadori Europeni\u201d, p\u00e2n\u0103 la data limit\u0103 de 3 noiembrie 2025.<\/p>\n<p>Noul\u00a0<a href=\"https:\/\/euneighbourseast.eu\/ro\/young-european-ambassadors\/apply\/\">apel<\/a>\u00a0a fost lansat de programul \u201eVECINII UE de la est\u201d \u0219i se adreseaz\u0103 tinerilor dinamici \u0219i entuzia\u0219ti, interesa\u021bi de afacerile UE \u0219i de parteneriatul \u021b\u0103rii lor cu UE. Vei avea nevoie de un nivel bun de limb\u0103 englez\u0103, ar trebui s\u0103 fii dornic s\u0103 contribui la dezvoltarea \u0219i prosperitatea comunit\u0103\u021bii \u0219i \u021b\u0103rii tale \u0219i s\u0103 fii preg\u0103tit s\u0103 dedici suficient timp pentru a participa la activit\u0103\u021bi de implicare civic\u0103.<\/p>\n<p>Candida\u021bii de succes vor participa la activit\u0103\u021bi online \u0219i bazate pe dialog, \u0219i vor reprezenta tinerii din \u021b\u0103rile lor at\u00e2t pe plan intern, c\u00e2t \u0219i peste hotare. Ei vor face schimb de experien\u021be, vor discuta chestiuni care \u00eei preocup\u0103 direct pe tineri, vor \u00eemp\u0103rt\u0103\u0219i cele mai bune practici \u0219i vor lucra \u00eempreun\u0103 pentru un viitor mai bun pentru \u021b\u0103rile lor. Viziteaz\u0103 pagina<a href=\"https:\/\/euneighbourseast.eu\/ro\/young-european-ambassadors\/apply\/\">\u00a0<\/a><a href=\"https:\/\/euneighbourseast.eu\/ro\/young-european-ambassadors\/apply\/\">noastr\u0103 special\u0103 de\u00a0aplicare<\/a>\u00a0pentru a afla mai multe despre apel \u0219i ini\u021biativa YEAs.<\/p>\n<p>Pentru a candida pentru un post de T\u00e2n\u0103r Ambasador European, candida\u021bii trebuie s\u0103 completeze\u00a0<a href=\"https:\/\/airtable.com\/appEqNXhnVLi6t4U8\/shrLJvtgjEVTqGzP7\">formularul de aplicare<\/a>\u00a0p\u00e2n\u0103 la\u00a03 noiembrie 2025. Candida\u021bii sunt ruga\u021bi s\u0103 trimit\u0103 un videoclip motiva\u021bional pentru a-\u0219i sus\u021bine candidatura.<\/p>\n<p>Dup\u0103 \u00eencheierea perioadei de aplicare, candida\u021bii selecta\u021bi vor fi mai \u00eent\u00e2i invita\u021bi la un interviu. Cei care vor trece cu succes de interviu vor fi apoi invita\u021bi la sesiuni speciale, iar profilurile lor vor fi trimise spre aprobare ulterioar\u0103 (p\u0103r\u021bilor interesate oficiale). Procesul, de la data \u00eenchiderii apelului pentru depunerea candidaturilor p\u00e2n\u0103 la prezentarea rezultatelor finale, dureaz\u0103 aproximativ opt s\u0103pt\u0103m\u00e2ni.<\/p>\n<p>Ini\u021biativa\u00a0<a href=\"https:\/\/euneighbourseast.eu\/ro\/young-european-ambassadors\/\">Tinerii Ambasadori Europeni<\/a>\u00a0(YEAs) este o re\u021bea de comunicare apolitic\u0103, voluntar\u0103 \u0219i vibrant\u0103, care conecteaz\u0103 \u0219i construie\u0219te pun\u021bi de prietenie \u00eentre tinerii din Armenia, Azerbaidjan, Belarus, Georgia, Republica Moldova, Ucraina \u0219i Statele Membre ale UE \u0219i Regatul Unit. Scopul re\u021belei este de a cre\u0219te gradul de con\u0219tientizare cu privire la cooperarea UE cu \u021b\u0103rile partenere din est, de a prezenta rezultatele concrete ale acestei cooper\u0103ri, de a contribui la dialogul politic pe diverse teme, de a ajuta la cre\u0219terea activismului civic \u0219i de a lucra \u00eempreun\u0103 pentru un viitor mai bun.<\/p>\n<p>Ini\u021biativa YEAs a fost creat\u0103 de Uniunea European\u0103 \u00een 2016 \u0219i a implicat p\u00e2n\u0103 \u00een prezent peste 2 600 de tineri. \u00cen prezent, exist\u0103 peste 600 de YEA activi, reprezent\u00e2nd peste 30 de na\u021bionalit\u0103\u021bi diferite.<\/p>\n","protected":false},"excerpt":{"rendered":"<p>Dac\u0103 ai v\u00e2rsta cuprins\u0103 \u00eentre 16 \u0219i 26 de ani \u0219i e\u0219ti originar din una&#8230;<\/p>\n","protected":false},"author":4,"featured_media":4476,"comment_status":"closed","ping_status":"open","sticky":false,"template":"","format":"standard","meta":{"footnotes":""},"categories":[36],"tags":[],"featured_image_urls":{"full":["https:\/\/saptamana.md\/wp-content\/uploads\/2025\/10\/YEAs_Vizual-1-scaled.jpg",2560,1708,false],"thumbnail":["https:\/\/saptamana.md\/wp-content\/uploads\/2025\/10\/YEAs_Vizual-1-150x150.jpg",150,150,true],"medium":["https:\/\/saptamana.md\/wp-content\/uploads\/2025\/10\/YEAs_Vizual-1-300x200.jpg",300,200,true],"medium_large":["https:\/\/saptamana.md\/wp-content\/uploads\/2025\/10\/YEAs_Vizual-1-768x512.jpg",640,427,true],"large":["https:\/\/saptamana.md\/wp-content\/uploads\/2025\/10\/YEAs_Vizual-1-1024x683.jpg",640,427,true],"1536x1536":["https:\/\/saptamana.md\/wp-content\/uploads\/2025\/10\/YEAs_Vizual-1-1536x1025.jpg",1536,1025,true],"2048x2048":["https:\/\/saptamana.md\/wp-content\/uploads\/2025\/10\/YEAs_Vizual-1-2048x1366.jpg",2048,1366,true],"covernews-slider-full":["https:\/\/saptamana.md\/wp-content\/uploads\/2025\/10\/YEAs_Vizual-1-1115x715.jpg",1115,715,true],"covernews-slider-center":["https:\/\/saptamana.md\/wp-content\/uploads\/2025\/10\/YEAs_Vizual-1-800x500.jpg",800,500,true],"covernews-featured":["https:\/\/saptamana.md\/wp-content\/uploads\/2025\/10\/YEAs_Vizual-1-1024x683.jpg",1024,683,true],"covernews-medium":["https:\/\/saptamana.md\/wp-content\/uploads\/2025\/10\/YEAs_Vizual-1-540x340.jpg",540,340,true],"covernews-medium-square":["https:\/\/saptamana.md\/wp-content\/uploads\/2025\/10\/YEAs_Vizual-1-400x250.jpg",400,250,true]},"author_info":{"display_name":"Lipcanu Stan","author_link":"https:\/\/saptamana.md\/index.php\/author\/lipcanu-stan\/"},"category_info":"<a href=\"https:\/\/saptamana.md\/index.php\/category\/integrare-europeana\/\" rel=\"category tag\">Integrare european\u0103<\/a>","tag_info":"Integrare european\u0103","comment_count":"0","_links":{"self":[{"href":"https:\/\/saptamana.md\/index.php\/wp-json\/wp\/v2\/posts\/4475"}],"collection":[{"href":"https:\/\/saptamana.md\/index.php\/wp-json\/wp\/v2\/posts"}],"about":[{"href":"https:\/\/saptamana.md\/index.php\/wp-json\/wp\/v2\/types\/post"}],"author":[{"embeddable":true,"href":"https:\/\/saptamana.md\/index.php\/wp-json\/wp\/v2\/users\/4"}],"replies":[{"embeddable":true,"href":"https:\/\/saptamana.md\/index.php\/wp-json\/wp\/v2\/comments?post=4475"}],"version-history":[{"count":1,"href":"https:\/\/saptamana.md\/index.php\/wp-json\/wp\/v2\/posts\/4475\/revisions"}],"predecessor-version":[{"id":4477,"href":"https:\/\/saptamana.md\/index.php\/wp-json\/wp\/v2\/posts\/4475\/revisions\/4477"}],"wp:featuredmedia":[{"embeddable":true,"href":"https:\/\/saptamana.md\/index.php\/wp-json\/wp\/v2\/media\/4476"}],"wp:attachment":[{"href":"https:\/\/saptamana.md\/index.php\/wp-json\/wp\/v2\/media?parent=4475"}],"wp:term":[{"taxonomy":"category","embeddable":true,"href":"https:\/\/saptamana.md\/index.php\/wp-json\/wp\/v2\/categories?post=4475"},{"taxonomy":"post_tag","embeddable":true,"href":"https:\/\/saptamana.md\/index.php\/wp-json\/wp\/v2\/tags?post=4475"}],"curies":[{"name":"wp","href":"https:\/\/api.w.org\/{rel}","templated":true}]}}