{"id":4701,"date":"2026-09-02T07:53:49","date_gmt":"2026-09-02T07:53:49","guid":{"rendered":"https:\/\/saptamana.md\/?p=4701"},"modified":"2026-09-02T07:53:49","modified_gmt":"2026-09-02T07:53:49","slug":"citare-publica","status":"publish","type":"post","link":"https:\/\/saptamana.md\/index.php\/2026\/09\/02\/citare-publica\/","title":{"rendered":"Citare public\u0103"},"content":{"rendered":"<p>&nbsp;<\/p>\n<p>&nbsp;<\/p>\n<p>Judec\u0103toria H\u00eence\u0219ti, sediul Leova, judec\u0103tor Adela Cazacu, informeaz\u0103 p\u00e2r\u00e2tul Bejan-Dvorniciuc Dumitru, cu ultimul domiciliu \u00een raionul Leova, sat. Tochile-R\u0103ducani, despre \u0219edin\u021ba de judecat\u0103 care va avea loc la data de 21 octombrie 2026, ora 11,15 in incinta judec\u0103toriei H\u00eence\u0219ti, sediul Leova, or. Leova, sr. Unirii, nr.32, et. 1, sala nr.2, pentru solu\u021bionarea cererii de chemare \u00een judecat\u0103 depus\u0103 de Bejan-Dvorniciuc Nadejda, \u00eempotriva lui Bejan-Dvorniciuc Dumitru cu privire la desfacerea c\u0103s\u0103toriei \u0219i \u00eencasarea pensiei de \u00eentre\u021binere a copilului minor.<\/p>\n<p>\u00cen scopul asigur\u0103rii dreptului la un proces echitabil, instan\u021ba de judecat\u0103 propune p\u00e2r\u00e2tului Bejan-Dvorniciuc Dumitru de a se prezenta la instan\u021ba de judecat\u0103 pentru a recep\u021biona copia ac\u021biunii \u0219i a depune referin\u021ba scris\u0103 la cererea de chemare \u00een judecat\u0103.<\/p>\n<p>Neprezentarea referin\u021bei, precum \u0219i a copiiilor \u00eenscrisurilor necesare,\u00a0 nu \u00eempiedic\u0103 solu\u021bionarea cererii \u00een baza materialelor anexarte la dosar.<\/p>\n<p><strong>Judec\u0103torul Judec\u00eetoriei H\u00eence\u0219ti (sediul Leova) Adela Cazacu<\/strong><\/p>\n<p><strong>\u00a0<\/strong><\/p>\n","protected":false},"excerpt":{"rendered":"<p>&nbsp; &nbsp; Judec\u0103toria H\u00eence\u0219ti, sediul Leova, judec\u0103tor Adela Cazacu, informeaz\u0103 p\u00e2r\u00e2tul Bejan-Dvorniciuc Dumitru, cu ultimul&#8230;<\/p>\n","protected":false},"author":3,"featured_media":0,"comment_status":"closed","ping_status":"open","sticky":false,"template":"","format":"standard","meta":{"footnotes":""},"categories":[6],"tags":[],"featured_image_urls":{"full":"","thumbnail":"","medium":"","medium_large":"","large":"","1536x1536":"","2048x2048":"","covernews-slider-full":"","covernews-slider-center":"","covernews-featured":"","covernews-medium":"","covernews-medium-square":""},"author_info":{"display_name":"Constantin Olteanu","author_link":"https:\/\/saptamana.md\/index.php\/author\/constantin-olteanu\/"},"category_info":"<a href=\"https:\/\/saptamana.md\/index.php\/category\/comunicate-oficiale-de-presa\/\" rel=\"category tag\">Comunicate oficiale de pres\u0103<\/a>","tag_info":"Comunicate oficiale de pres\u0103","comment_count":"0","_links":{"self":[{"href":"https:\/\/saptamana.md\/index.php\/wp-json\/wp\/v2\/posts\/4701"}],"collection":[{"href":"https:\/\/saptamana.md\/index.php\/wp-json\/wp\/v2\/posts"}],"about":[{"href":"https:\/\/saptamana.md\/index.php\/wp-json\/wp\/v2\/types\/post"}],"author":[{"embeddable":true,"href":"https:\/\/saptamana.md\/index.php\/wp-json\/wp\/v2\/users\/3"}],"replies":[{"embeddable":true,"href":"https:\/\/saptamana.md\/index.php\/wp-json\/wp\/v2\/comments?post=4701"}],"version-history":[{"count":1,"href":"https:\/\/saptamana.md\/index.php\/wp-json\/wp\/v2\/posts\/4701\/revisions"}],"predecessor-version":[{"id":4702,"href":"https:\/\/saptamana.md\/index.php\/wp-json\/wp\/v2\/posts\/4701\/revisions\/4702"}],"wp:attachment":[{"href":"https:\/\/saptamana.md\/index.php\/wp-json\/wp\/v2\/media?parent=4701"}],"wp:term":[{"taxonomy":"category","embeddable":true,"href":"https:\/\/saptamana.md\/index.php\/wp-json\/wp\/v2\/categories?post=4701"},{"taxonomy":"post_tag","embeddable":true,"href":"https:\/\/saptamana.md\/index.php\/wp-json\/wp\/v2\/tags?post=4701"}],"curies":[{"name":"wp","href":"https:\/\/api.w.org\/{rel}","templated":true}]}}